{"id":739,"date":"2023-04-10T11:30:13","date_gmt":"2023-04-10T03:30:13","guid":{"rendered":"https:\/\/www.igbji.org\/startseite\/?p=739"},"modified":"2023-04-10T11:30:14","modified_gmt":"2023-04-10T03:30:14","slug":"rundmail-12-2021-idv-magazin-ausgabe-juni-2021-erschienen-2021","status":"publish","type":"post","link":"https:\/\/www.igbji.org\/startseite\/2023\/04\/10\/rundmail-12-2021-idv-magazin-ausgabe-juni-2021-erschienen-2021\/","title":{"rendered":"Rundmail 12\/2021: IDV-Magazin Ausgabe Juni 2021 erschienen &#8211; 2021"},"content":{"rendered":"\n<p><strong>Subject:<\/strong>&nbsp;Rundmail 12\/2021: IDV-Magazin Ausgabe Juni 2021 erschienen<\/p>\n\n\n\n<p>(mit der Bitte um Weiterleitung an alle Verbandsmitglieder und bestem Dank im Voraus)<\/p>\n\n\n\n<p>Liebe Kolleginnen und Kollegen,<\/p>\n\n\n\n<p>wir freuen uns sehr, Ihnen\/euch mitteilen zu d\u00fcrfen, dass die Ausgabe 99 (Juni 2021) des&nbsp;<em>IDV-Magazins<\/em>&nbsp;online erschienen ist. Das Magazin als Flipbook und PDF ist unter&nbsp;<a href=\"https:\/\/idvnetz.org\/uncategorized\/idv-magazin-99-juni-2021\" target=\"_blank\" rel=\"noreferrer noopener\">https:\/\/idvnetz.org\/uncategorized\/idv-magazin-99-juni-2021<\/a>&nbsp;abrufbar.<\/p>\n\n\n\n<p>Diese Ausgabe des IDV-Magazins, die von Monika Janicka (IDV-Vorstand) und Irena Horvati\u0107 Bili\u0107 (Kroatischer Deutschlehrerverband) herausgegeben wurde, ist dem sprachenpolitischen Agieren der DL-Verb\u00e4nde gewidmet. Sie entstand im Anschluss an die Handreichung \u201eSprachenpolitische \u00d6ffentlichkeitsarbeit der Verb\u00e4nde\u201c, die im Januar dieses Jahres als Ergebnis der fast zweij\u00e4hrigen Arbeit der Sprachenpolitischen Kommission des IDV ver\u00f6ffentlicht wurde.<\/p>\n\n\n\n<p>Die im Magazin ver\u00f6ffentlichten Beitr\u00e4ge lassen sich in zwei Gruppen einteilen. Die ersten vier Texte gehen von theoretischen Pr\u00e4missen der Sprachenpolitik aus. Die&nbsp;weiteren f\u00fcnf Artikel befassen sich mit Best-Practice-Beispielen von sprachenpolitisch fundierten Verbandsaktivit\u00e4ten.<\/p>\n\n\n\n<p>Wir w\u00fcnschen allen eine gewinnbringende Lekt\u00fcre!<\/p>\n\n\n\n<p>Herzliche Gr\u00fc\u00dfe<\/p>\n\n\n\n<p>Geraldo (de Carvalho)<\/p>\n\n\n\n<p>&#8212;<\/p>\n\n\n\n<p>Dr. Geraldo de Carvalho<\/p>\n\n\n\n<p>Schriftleiter des Internationalen Deutschlehrerinnen- und Deutschlehrerverbands (IDV)\u00a0<\/p>\n\n\n\n<hr class=\"wp-block-separator has-alpha-channel-opacity\"\/>\n\n\n\n<p><em>ver\u00f6ffentlicht: 21.6.2021<\/em><\/p>\n","protected":false},"excerpt":{"rendered":"<p>Subject:&nbsp;Rundmail 12\/2021: IDV-Magazin Ausgabe Juni 2021 erschienen (mit der Bitte um Weiterleitung an alle Verbandsmitglieder und bestem Dank im Voraus) Liebe Kolleginnen und Kollegen, wir freuen uns sehr, Ihnen\/euch mitteilen zu d\u00fcrfen, dass die Ausgabe 99 (Juni 2021) des&nbsp;IDV-Magazins&nbsp;online erschienen ist. Das Magazin als Flipbook und PDF ist unter&nbsp;https:\/\/idvnetz.org\/uncategorized\/idv-magazin-99-juni-2021&nbsp;abrufbar. Diese Ausgabe des IDV-Magazins, die von [&hellip;]<\/p>\n","protected":false},"author":1,"featured_media":691,"comment_status":"open","ping_status":"open","sticky":false,"template":"","format":"standard","meta":[],"categories":[38],"tags":[167,90,86,66,184],"_links":{"self":[{"href":"https:\/\/www.igbji.org\/startseite\/wp-json\/wp\/v2\/posts\/739"}],"collection":[{"href":"https:\/\/www.igbji.org\/startseite\/wp-json\/wp\/v2\/posts"}],"about":[{"href":"https:\/\/www.igbji.org\/startseite\/wp-json\/wp\/v2\/types\/post"}],"author":[{"embeddable":true,"href":"https:\/\/www.igbji.org\/startseite\/wp-json\/wp\/v2\/users\/1"}],"replies":[{"embeddable":true,"href":"https:\/\/www.igbji.org\/startseite\/wp-json\/wp\/v2\/comments?post=739"}],"version-history":[{"count":1,"href":"https:\/\/www.igbji.org\/startseite\/wp-json\/wp\/v2\/posts\/739\/revisions"}],"predecessor-version":[{"id":740,"href":"https:\/\/www.igbji.org\/startseite\/wp-json\/wp\/v2\/posts\/739\/revisions\/740"}],"wp:featuredmedia":[{"embeddable":true,"href":"https:\/\/www.igbji.org\/startseite\/wp-json\/wp\/v2\/media\/691"}],"wp:attachment":[{"href":"https:\/\/www.igbji.org\/startseite\/wp-json\/wp\/v2\/media?parent=739"}],"wp:term":[{"taxonomy":"category","embeddable":true,"href":"https:\/\/www.igbji.org\/startseite\/wp-json\/wp\/v2\/categories?post=739"},{"taxonomy":"post_tag","embeddable":true,"href":"https:\/\/www.igbji.org\/startseite\/wp-json\/wp\/v2\/tags?post=739"}],"curies":[{"name":"wp","href":"https:\/\/api.w.org\/{rel}","templated":true}]}}