{"id":713,"date":"2023-04-10T10:58:34","date_gmt":"2023-04-10T02:58:34","guid":{"rendered":"https:\/\/www.igbji.org\/startseite\/?p=713"},"modified":"2023-04-10T10:58:35","modified_gmt":"2023-04-10T02:58:35","slug":"idt-2021-wird-zur-idt-2022","status":"publish","type":"post","link":"https:\/\/www.igbji.org\/startseite\/2023\/04\/10\/idt-2021-wird-zur-idt-2022\/","title":{"rendered":"IDT 2021 wird zur IDT 2022"},"content":{"rendered":"\n<p><strong>Liebe Kollegin, lieber Kollege,<\/strong><br><\/p>\n\n\n\n<p>die weltweite Coronakrise macht einen Schritt notwendig, den wir vor einigen Wochen noch nicht f\u00fcr m\u00f6glich gehalten h\u00e4tten:&nbsp;<strong>Wir m\u00fcssen die IDT 2021 verschieben. Aus ihr wird die IDT 2022, die von 15. bis 20. August 2022 an der Universit\u00e4t Wien stattfinden wird.<\/strong>&nbsp;Es war eine sehr schwierige Entscheidung, die wir aber mit gro\u00dfer Eindeutigkeit und Einstimmigkeit treffen konnten, weil wir von vielen Seiten entscheidende Unterst\u00fctzung erhalten haben, allen voran vom IDV, von unseren Partner*innen im Internationalen Vorbereitungskomitee und unseren Sponsor*innen. Ihnen m\u00f6chten wir an dieser Stelle auch sehr herzlich f\u00fcr ihre gro\u00dfartige Unterst\u00fctzung, ihren Zuspruch und ihre Fragen, Ideen und Anregungen danken.<\/p>\n\n\n\n<p>Wir m\u00f6chten als IDT-Tagungsleitung unsere \u00dcberlegungen skizzieren, die zu einer Verschiebung gef\u00fchrt haben:<\/p>\n\n\n\n<p>Unserem Motto&nbsp;<em><strong>*mit.sprache.teil.haben<\/strong><\/em>&nbsp;entsprechend ist es uns ein zentrales Anliegen, dass m\u00f6glichst viele Lehrende und Forschende aus aller Welt an der IDT teilnehmen k\u00f6nnen. Dies ist aus jetziger Sicht f\u00fcr 2021 nicht zu gew\u00e4hrleisten. Wir leben derzeit mit weltweiten Reisebeschr\u00e4nkungen und vielen Unsicherheiten. Wieder frei reisen zu k\u00f6nnen, wird wohl erst m\u00f6glich sein, wenn ein Impfstoff gegen Covid-19 auf dem Markt und f\u00fcr die meisten Menschen grunds\u00e4tzlich verf\u00fcgbar ist. Das wird m\u00f6glicherweise noch ein Jahr dauern und so lange k\u00f6nnten all jene, die sich f\u00fcr die IDT anmelden und einen Beitrag einreichen m\u00f6chten, nicht warten.<\/p>\n\n\n\n<p>Es ist uns au\u00dferdem sehr wichtig, die IDT als Begegnungstagung zu gestalten, f\u00fcr die eine Begegnung vor Ort und nicht nur in Online-Konferenzr\u00e4umen entscheidend ist. Auch wenn wir angesichts der Coronakrise das Online-Angebot im Rahmen der virtuellen IDT 2022 verst\u00e4rken und ausbauen m\u00f6chten, soll die IDT eine Tagung bleiben, bei der Teilnehmer*innen aus aller Welt in Wien zusammenkommen k\u00f6nnen.<\/p>\n\n\n\n<p>Wir werden in den n\u00e4chsten Wochen viele organisatorische Fragen kl\u00e4ren, mit allen Konzeptgruppen, Sektionsleiter*innen, Vortragenden, Formatverantwortlichen und allen an der Vorbereitung Beteiligten R\u00fccksprache halten und einen neuen Zeitplan entwickeln. Sp\u00e4testens am 15. Juni werden wir diesen Zeitplan ver\u00f6ffentlichen und Sie wieder per Newsletter informieren.<\/p>\n\n\n\n<p>Aus der IDT 2021 wird die IDT 2022, aber vieles bleibt unver\u00e4ndert \u2013 vor allem unsere Anliegen, die im Tagungsmotto deutlich werden, und unsere Vorfreude auf die Begegnung mit Teilnehmer*innen aus aller Welt und den Austausch zu den aktuellen Fragen und Themen unseres Faches.<\/p>\n\n\n\n<p><strong>Wir halten Sie auf dem Laufenden, bleiben Sie gesund und zuversichtlich!<\/strong><\/p>\n\n\n\n<p><strong>Alles Gute und herzliche Gr\u00fc\u00dfe aus Wien<\/strong><\/p>\n\n\n\n<p><strong>Die Tagungsleitung der IDT 202<s>1<\/s>&nbsp;\u2013 ups: 2022!<br><\/strong><a href=\"https:\/\/www.idt-2021.at\/action\/mlr\/pv?&amp;idx=724967&amp;cid=9&amp;uid=709&amp;sid=1&amp;cks=76ca4ddc\">https:\/\/www.idt-2021.at\/action\/mlr\/pv?&amp;idx=724967&amp;cid=9&amp;uid=709&amp;sid=1&amp;cks=76ca4ddc<\/a><\/p>\n","protected":false},"excerpt":{"rendered":"<p>Liebe Kollegin, lieber Kollege, die weltweite Coronakrise macht einen Schritt notwendig, den wir vor einigen Wochen noch nicht f\u00fcr m\u00f6glich gehalten h\u00e4tten:&nbsp;Wir m\u00fcssen die IDT 2021 verschieben. Aus ihr wird die IDT 2022, die von 15. bis 20. August 2022 an der Universit\u00e4t Wien stattfinden wird.&nbsp;Es war eine sehr schwierige Entscheidung, die wir aber mit [&hellip;]<\/p>\n","protected":false},"author":1,"featured_media":691,"comment_status":"open","ping_status":"open","sticky":false,"template":"","format":"standard","meta":[],"categories":[38],"tags":[139,167,86],"_links":{"self":[{"href":"https:\/\/www.igbji.org\/startseite\/wp-json\/wp\/v2\/posts\/713"}],"collection":[{"href":"https:\/\/www.igbji.org\/startseite\/wp-json\/wp\/v2\/posts"}],"about":[{"href":"https:\/\/www.igbji.org\/startseite\/wp-json\/wp\/v2\/types\/post"}],"author":[{"embeddable":true,"href":"https:\/\/www.igbji.org\/startseite\/wp-json\/wp\/v2\/users\/1"}],"replies":[{"embeddable":true,"href":"https:\/\/www.igbji.org\/startseite\/wp-json\/wp\/v2\/comments?post=713"}],"version-history":[{"count":1,"href":"https:\/\/www.igbji.org\/startseite\/wp-json\/wp\/v2\/posts\/713\/revisions"}],"predecessor-version":[{"id":714,"href":"https:\/\/www.igbji.org\/startseite\/wp-json\/wp\/v2\/posts\/713\/revisions\/714"}],"wp:featuredmedia":[{"embeddable":true,"href":"https:\/\/www.igbji.org\/startseite\/wp-json\/wp\/v2\/media\/691"}],"wp:attachment":[{"href":"https:\/\/www.igbji.org\/startseite\/wp-json\/wp\/v2\/media?parent=713"}],"wp:term":[{"taxonomy":"category","embeddable":true,"href":"https:\/\/www.igbji.org\/startseite\/wp-json\/wp\/v2\/categories?post=713"},{"taxonomy":"post_tag","embeddable":true,"href":"https:\/\/www.igbji.org\/startseite\/wp-json\/wp\/v2\/tags?post=713"}],"curies":[{"name":"wp","href":"https:\/\/api.w.org\/{rel}","templated":true}]}}