{"id":480,"date":"2023-03-25T14:29:32","date_gmt":"2023-03-25T06:29:32","guid":{"rendered":"https:\/\/www.igbji.org\/startseite\/?p=480"},"modified":"2023-03-25T14:29:33","modified_gmt":"2023-03-25T06:29:33","slug":"schuelerwettbewerb-zur-politischen-bildung-2016","status":"publish","type":"post","link":"https:\/\/www.igbji.org\/startseite\/2023\/03\/25\/schuelerwettbewerb-zur-politischen-bildung-2016\/","title":{"rendered":"Sch\u00fclerwettbewerb zur politischen Bildung 2016"},"content":{"rendered":"\n<p>Sehr geehrte Damen und Herren,<\/p>\n\n\n\n<p>liebe Kolleginnen und Kollegen,<\/p>\n\n\n\n<p>\u201eDeutsch lernen und Deutschland kennenlernen!\u201c Unter diesem Motto m\u00f6chten wir Sie als&nbsp;IDV&nbsp;Deutschlehrer\/innen\/verb\u00e4nde&nbsp;mit all ihren Mitgliedern ganz herzlich zur Teilnahme am&nbsp;<strong>Sch\u00fclerwettbewerb zur politischen Bildung<\/strong>&nbsp;einladen. Der Wettbewerb wird dieses Jahr zum 46. Mal von der Bundeszentrale f\u00fcr politische Bildung ausgerichtet. Er ist der gr\u00f6\u00dfte deutschsprachige Wettbewerb zur politischen Bildung und seit 1971 ein &#8222;Klassiker&#8220; in der Schullandschaft, der die Vermittlung politischer Bildung in der Schule bereichert. 12 erprobte Aufgabenstellungen \u2013 alle von KollegInnen f\u00fcr KollegInnen entwickelt &#8211; stehen erneut&nbsp; zur Wahl.<\/p>\n\n\n\n<p>Die Sch\u00fclerinnen und Sch\u00fcler haben die M\u00f6glichkeit, aktuellen politischen, sozialen und historischen Fragen in Deutschland nachzugehen. Der Wettbewerb bietet somit gerade f\u00fcr Deutschlehrer eine hervorragende M\u00f6glichkeit, den&nbsp;<strong>Sprachunterricht<\/strong>&nbsp;mit einem fesselnden Unterrichtsprojekt zu verbinden. Daher m\u00f6chten wir Sie herzlich einladen, sich mit Ihrer Klasse zu beteiligen und sich auf eine Entdeckungsfahrt durch die deutsche Gesellschaft zu begeben!<\/p>\n\n\n\n<p>Als Auftakt zum Reformationsjahr 2017 geht es diesmal unter anderem um Martin Luther. Was geschah damals vor 500 Jahren in Wittenberg, und warum ver\u00f6ffentlichte Luther seine 95 Thesen? Konnte er ahnen, dass dies die Kirche spalten w\u00fcrde und den Lauf der Geschichte \u2013 bis heute \u2013 entscheidend pr\u00e4gen w\u00fcrde?&nbsp;Und weshalb war die \u201erichtige\u201c Religion f\u00fcr die Menschen damals so entscheidend, und ist es vielleicht immer noch?<\/p>\n\n\n\n<p>Diese, aber auch andere&nbsp;<strong>aktuell gesellschaftlich relevante Fragen<\/strong>&nbsp;sollen als Klassenprojekt im Schulunterricht bearbeitet werden.&nbsp;\u201eWer nicht wagt, der nicht gewinnt \u2013 Luther und die Reformation\u201c&nbsp;ist dabei eins von zw\u00f6lf Themen, die f\u00fcr Schulklassen&nbsp;in zwei Altersgruppen zur Auswahl stehen.&nbsp;Die Arbeitsergebnisse sollen in einer f\u00fcr Gleichaltrige interessanten und verst\u00e4ndlichen Aufmachung pr\u00e4sentiert werden. Pr\u00e4sentationsformen sind zum Beispiel Infotafeln, eine Fotogeschichte, ein Radio-Feature oder ein Video.<\/p>\n\n\n\n<p>Weitere Themen sind unter anderen \u201eEs geht um die Wurst \u2013 warum unser Essen das Wetter beeinflusst\u201c, \u201eLokalpolitiker bei der Arbeit\u201c,&nbsp;\u201eIslam und Europa \u2013 wie passt das zusammen?\u201c&nbsp;und \u201eHallo, ich bin dein digitales Ich!\u201c, das sich mit dem sicheren Umgang mit sozialen Medien besch\u00e4ftigt.&nbsp;\u201eJunge Fl\u00fcchtlinge bei uns\u201c ist ein Thema, das bpb-Pr\u00e4sidenten Thomas Kr\u00fcger als besonders wichtig empfindet: \u201eIntegration geht immer von beiden Seiten aus. Daher ist es wesentlich, dass sich die Sch\u00fcler mit der Herkunft der Fl\u00fcchtlingskinder besch\u00e4ftigen und ihre Schwierigkeiten und Perspektiven verstehen.\u201c<\/p>\n\n\n\n<p>Der Wettbewerb eignet sich besonders f\u00fcr einen f\u00e4cher\u00fcbergreifenden Unterricht. Neben dem Spracherwerb bietet er die M\u00f6glichkeit, die deutsche Geschichte, Gesellschaft und Lebenswelt besser kennenzulernen. Er bietet dabei methodische Hilfen f\u00fcr einen Unterricht, der die Sch\u00fclerinnen und Sch\u00fcler als&nbsp;<strong>&#8222;entdeckendes Lernen&#8220;<\/strong>&nbsp;dazu anleitet, selbstst\u00e4ndig Informationen zu beschaffen, Probleme zu erkennen, L\u00f6sungswege vorzuschlagen und eine begr\u00fcndete eigene Meinung zu entwickeln.<\/p>\n\n\n\n<p>Die Sch\u00fcler\/innen lernen Selbstt\u00e4tigkeit in Einzel-, Partner- und Gruppenarbeit, das Vorbereiten und Durchf\u00fchren von Expertengespr\u00e4chen, eigene Recherchen sowie die eigenverantwortliche, originelle Pr\u00e4sentation der Projektergebnisse. Wichtig ist, dass die&nbsp;<strong>gesamte Klasse<\/strong>&nbsp;arbeitsteilig an der Bearbeitung des Themas beteiligt ist. Bei zwei Themen sind aber auch Einsendungen von Kleingruppen (von mindestens f\u00fcnf Personen) zugelassen. Das f\u00f6rdert die Motivation und erleichtert die arbeitsteilige Gestaltung des Unterrichts zus\u00e4tzlich.&nbsp;Die Lehrkr\u00e4fte stehen dabei vor allem beratend zur Seite. Einsendeschluss f\u00fcr die Beitr\u00e4ge ist der&nbsp;<strong>12. Dezember 2016.<\/strong><\/p>\n\n\n\n<p>Aus den Einsendungen w\u00e4hlt eine Jury die besten Beitr\u00e4ge aus. Zu gewinnen sind \u00fcber&nbsp;<strong>350 Preise<\/strong>: Geldpr\u00e4mien sowie Sach- und Sonderpreise. Der Sch\u00fclerwettbewerb ist einer der gr\u00f6\u00dften und \u00e4ltesten Deutschlands und steht unter der Schirmherrschaft von Bundespr\u00e4sident Joachim Gauck.<\/p>\n\n\n\n<p>Die Aufgabenstellung 2016 haben wir als pdf dieser Mail beigef\u00fcgt.<\/p>\n\n\n\n<p><strong>Bitte geben Sie die Informationen auch an interessierte Kolleginnen und Kollegen weiter.&nbsp;<\/strong>Weitere Informationen finden Sie im Netz unter&nbsp;<a href=\"http:\/\/www.schuelerwettbewerb.de\/\" target=\"_blank\" rel=\"noreferrer noopener\">www.schuelerwettbewerb.de<\/a>.<\/p>\n\n\n\n<p>Sollten Sie Fragen haben, kontaktieren Sie mich gerne per Mail.<\/p>\n\n\n\n<p>Wir freuen uns sehr auf interessante Beitr\u00e4ge aus der ganzen Welt.<\/p>\n\n\n\n<p>Mit freundlichen Gr\u00fc\u00dfen,<\/p>\n\n\n\n<p>Hans-Georg Lambertz<\/p>\n\n\n\n<p>Hans-Georg LAMBERTZ<br>Bundeszentrale f\u00fcr politische Bildung \/ bpb<\/p>\n\n\n\n<p>Fachbereich Zielgruppenspezifische Angebote<\/p>\n\n\n\n<p>Leiter SCH\u00dcLERWETTBEWERB ZUR POLITISCHEN BILDUNG<\/p>\n\n\n\n<p><br>Postadresse: Postfach 2324 &nbsp; 53113 Bonn<br>B\u00fcroadresse: Adenauerallee 131a&nbsp;&nbsp; 53113 Bonn<\/p>\n\n\n\n<p>Tel. + 49 (0) 228 99 515-553&nbsp;&nbsp;<br>Fax&nbsp; + 49 (0) 228 99 10 515 553<\/p>\n\n\n\n<p>Mobil:&nbsp;<a href=\"tel:%2B49%20%280%29%201573%205307911\" target=\"_blank\" rel=\"noreferrer noopener\">+49 (0) 1573 5307911<\/a><\/p>\n\n\n\n<p><br>E-Mail\u00a0\u00a0\u00a0\u00a0<a href=\"mailto:lambertz@bpb.de\" target=\"_blank\" rel=\"noreferrer noopener\">lambertz@bpb.de<\/a><br><a href=\"http:\/\/www.schuelerwettbewerb.de\/\" target=\"_blank\" rel=\"noreferrer noopener\">www.schuelerwettbewerb.de<\/a><\/p>\n\n\n\n<div class=\"wp-block-file\"><object class=\"wp-block-file__embed\" data=\"https:\/\/www.igbji.org\/startseite\/wp-content\/uploads\/2023\/03\/Wettbewerb-Aufgabenheft.pdf\" type=\"application\/pdf\" style=\"width:100%;height:600px\" aria-label=\"Einbettung von Wettbewerb-Aufgabenheft.\"><\/object><a id=\"wp-block-file--media-8d277a30-10de-4c94-9906-40b5892cb39f\" href=\"https:\/\/www.igbji.org\/startseite\/wp-content\/uploads\/2023\/03\/Wettbewerb-Aufgabenheft.pdf\">Wettbewerb-Aufgabenheft<\/a><a href=\"https:\/\/www.igbji.org\/startseite\/wp-content\/uploads\/2023\/03\/Wettbewerb-Aufgabenheft.pdf\" class=\"wp-block-file__button wp-element-button\" download aria-describedby=\"wp-block-file--media-8d277a30-10de-4c94-9906-40b5892cb39f\">Herunterladen<\/a><\/div>\n","protected":false},"excerpt":{"rendered":"<p>Sehr geehrte Damen und Herren, liebe Kolleginnen und Kollegen, \u201eDeutsch lernen und Deutschland kennenlernen!\u201c Unter diesem Motto m\u00f6chten wir Sie als&nbsp;IDV&nbsp;Deutschlehrer\/innen\/verb\u00e4nde&nbsp;mit all ihren Mitgliedern ganz herzlich zur Teilnahme am&nbsp;Sch\u00fclerwettbewerb zur politischen Bildung&nbsp;einladen. Der Wettbewerb wird dieses Jahr zum 46. Mal von der Bundeszentrale f\u00fcr politische Bildung ausgerichtet. Er ist der gr\u00f6\u00dfte deutschsprachige Wettbewerb zur politischen [&hellip;]<\/p>\n","protected":false},"author":1,"featured_media":0,"comment_status":"open","ping_status":"open","sticky":false,"template":"","format":"standard","meta":[],"categories":[36],"tags":[64,70],"_links":{"self":[{"href":"https:\/\/www.igbji.org\/startseite\/wp-json\/wp\/v2\/posts\/480"}],"collection":[{"href":"https:\/\/www.igbji.org\/startseite\/wp-json\/wp\/v2\/posts"}],"about":[{"href":"https:\/\/www.igbji.org\/startseite\/wp-json\/wp\/v2\/types\/post"}],"author":[{"embeddable":true,"href":"https:\/\/www.igbji.org\/startseite\/wp-json\/wp\/v2\/users\/1"}],"replies":[{"embeddable":true,"href":"https:\/\/www.igbji.org\/startseite\/wp-json\/wp\/v2\/comments?post=480"}],"version-history":[{"count":1,"href":"https:\/\/www.igbji.org\/startseite\/wp-json\/wp\/v2\/posts\/480\/revisions"}],"predecessor-version":[{"id":482,"href":"https:\/\/www.igbji.org\/startseite\/wp-json\/wp\/v2\/posts\/480\/revisions\/482"}],"wp:attachment":[{"href":"https:\/\/www.igbji.org\/startseite\/wp-json\/wp\/v2\/media?parent=480"}],"wp:term":[{"taxonomy":"category","embeddable":true,"href":"https:\/\/www.igbji.org\/startseite\/wp-json\/wp\/v2\/categories?post=480"},{"taxonomy":"post_tag","embeddable":true,"href":"https:\/\/www.igbji.org\/startseite\/wp-json\/wp\/v2\/tags?post=480"}],"curies":[{"name":"wp","href":"https:\/\/api.w.org\/{rel}","templated":true}]}}