{"id":414,"date":"2023-03-25T12:42:16","date_gmt":"2023-03-25T04:42:16","guid":{"rendered":"https:\/\/www.igbji.org\/startseite\/?p=414"},"modified":"2023-03-25T12:43:06","modified_gmt":"2023-03-25T04:43:06","slug":"wettbewerb-dachl-fundstuecke","status":"publish","type":"post","link":"https:\/\/www.igbji.org\/startseite\/2023\/03\/25\/wettbewerb-dachl-fundstuecke\/","title":{"rendered":"Wettbewerb DACHL-Fundst\u00fccke!"},"content":{"rendered":"\n<p><strong>Betreff:<\/strong>&nbsp;Wettbewerb DACHL-Fundst\u00fccke!<\/p>\n\n\n\n<p>Liebe Kolleginnen und Kollegen,<\/p>\n\n\n\n<p>wir m\u00f6chten noch einmal auf den&nbsp;<strong>Wettbewerb DACH-Fundst\u00fccke<\/strong>&nbsp;aufmerksam machen, der in vollem Gange ist, und Sie um Unterst\u00fctzung bei der&nbsp;weiteren Verbreitung des Wettbewerbs&nbsp;bitten:<\/p>\n\n\n\n<figure class=\"wp-block-image size-full\"><img decoding=\"async\" width=\"376\" height=\"235\" src=\"https:\/\/www.igbji.org\/startseite\/wp-content\/uploads\/2023\/03\/image-1.png\" alt=\"\" class=\"wp-image-415\" srcset=\"https:\/\/www.igbji.org\/startseite\/wp-content\/uploads\/2023\/03\/image-1.png 376w, https:\/\/www.igbji.org\/startseite\/wp-content\/uploads\/2023\/03\/image-1-300x188.png 300w\" sizes=\"(max-width: 376px) 100vw, 376px\" \/><\/figure>\n\n\n\n<p>Deutschlehrerinnen und Deutschlehrer aus aller Welt sind eingeladen bis zum 29.2.2016&nbsp;<strong>Objekte<\/strong>&nbsp;(als Foto, Audio- oder Videodatei) einzusenden, die mit den amtlich deutschsprachigen L\u00e4ndern, ihren St\u00e4dten und Regionen, ihren Menschen und deren Alltag, ihren Sprachen und ihren Geschichten, ihrer Geschichte und Gegenwart in Verbindung stehen, und die sie im Deutschunterricht einsetzen.<\/p>\n\n\n\n<p>Zu diesem Wettbewerb laden die politischen Vertreterinnen und Vertreter der deutschsprachigen L\u00e4nder, der Internationale Deutschlehrerinnen- und Deutschlehrerverband (IDV) und das Goethe-Institut ein.<\/p>\n\n\n\n<p>Informieren Sie sich unter&nbsp;<a href=\"http:\/\/idvnetz.org\/dachl\" target=\"_blank\" rel=\"noreferrer noopener\">http:\/\/idvnetz.org\/dachl<\/a>&nbsp;<\/p>\n\n\n\n<p>Bitte tragen Sie dazu bei, dass m\u00f6glichst viele Lehrerinnen und Lehrer aus&nbsp;der Primar- und Sekundarstufe und aus dem Erwachsenenbereich&nbsp;mitmachen.<\/p>\n\n\n\n<p><strong>Werben Sie auch auf Ihren Webseiten<\/strong>&nbsp;f\u00fcr den Wettbewerb. Dieser Email h\u00e4ngt das Logo zum Wettbewerb an.<\/p>\n\n\n\n<p>Herzliche&nbsp;Gr\u00fc\u00dfe<\/p>\n\n\n\n<p>Sebastian V\u00f6tter<\/p>\n\n\n\n<p>Bereichsleiter<\/p>\n\n\n\n<p>Sprache und Bildungspolitik<\/p>\n\n\n\n<p>Goethe-Institut e.V.<\/p>\n\n\n\n<p>Dachauerstr. 122<\/p>\n\n\n\n<p>D &#8211; 80637 M\u00fcnchen<\/p>\n\n\n\n<p>Tel:&nbsp;&nbsp;&nbsp;&nbsp;&nbsp;&nbsp;&nbsp; +49 (0) 89 15921373<\/p>\n\n\n\n<p>Fax:&nbsp;&nbsp;&nbsp;&nbsp;&nbsp;&nbsp;&nbsp; +49 (0) 89 1592192229<\/p>\n\n\n\n<p><a href=\"http:\/\/www.goethe.de\/\" target=\"_blank\" rel=\"noreferrer noopener\">www.goethe.de<\/a><\/p>\n\n\n\n<p><a href=\"http:\/\/www.pasch-net.de\/\" target=\"_blank\" rel=\"noreferrer noopener\">www.pasch-net.de<\/a><\/p>\n","protected":false},"excerpt":{"rendered":"<p>Betreff:&nbsp;Wettbewerb DACHL-Fundst\u00fccke! Liebe Kolleginnen und Kollegen, wir m\u00f6chten noch einmal auf den&nbsp;Wettbewerb DACH-Fundst\u00fccke&nbsp;aufmerksam machen, der in vollem Gange ist, und Sie um Unterst\u00fctzung bei der&nbsp;weiteren Verbreitung des Wettbewerbs&nbsp;bitten: Deutschlehrerinnen und Deutschlehrer aus aller Welt sind eingeladen bis zum 29.2.2016&nbsp;Objekte&nbsp;(als Foto, Audio- oder Videodatei) einzusenden, die mit den amtlich deutschsprachigen L\u00e4ndern, ihren St\u00e4dten und Regionen, ihren [&hellip;]<\/p>\n","protected":false},"author":1,"featured_media":415,"comment_status":"open","ping_status":"open","sticky":false,"template":"","format":"standard","meta":[],"categories":[36],"tags":[71,70],"_links":{"self":[{"href":"https:\/\/www.igbji.org\/startseite\/wp-json\/wp\/v2\/posts\/414"}],"collection":[{"href":"https:\/\/www.igbji.org\/startseite\/wp-json\/wp\/v2\/posts"}],"about":[{"href":"https:\/\/www.igbji.org\/startseite\/wp-json\/wp\/v2\/types\/post"}],"author":[{"embeddable":true,"href":"https:\/\/www.igbji.org\/startseite\/wp-json\/wp\/v2\/users\/1"}],"replies":[{"embeddable":true,"href":"https:\/\/www.igbji.org\/startseite\/wp-json\/wp\/v2\/comments?post=414"}],"version-history":[{"count":1,"href":"https:\/\/www.igbji.org\/startseite\/wp-json\/wp\/v2\/posts\/414\/revisions"}],"predecessor-version":[{"id":416,"href":"https:\/\/www.igbji.org\/startseite\/wp-json\/wp\/v2\/posts\/414\/revisions\/416"}],"wp:featuredmedia":[{"embeddable":true,"href":"https:\/\/www.igbji.org\/startseite\/wp-json\/wp\/v2\/media\/415"}],"wp:attachment":[{"href":"https:\/\/www.igbji.org\/startseite\/wp-json\/wp\/v2\/media?parent=414"}],"wp:term":[{"taxonomy":"category","embeddable":true,"href":"https:\/\/www.igbji.org\/startseite\/wp-json\/wp\/v2\/categories?post=414"},{"taxonomy":"post_tag","embeddable":true,"href":"https:\/\/www.igbji.org\/startseite\/wp-json\/wp\/v2\/tags?post=414"}],"curies":[{"name":"wp","href":"https:\/\/api.w.org\/{rel}","templated":true}]}}